{"id":9476,"date":"2024-12-16T09:15:13","date_gmt":"2024-12-16T07:15:13","guid":{"rendered":"https:\/\/www.scharmuetzelseegrundschule.de\/?p=9476"},"modified":"2024-12-16T09:15:14","modified_gmt":"2024-12-16T07:15:14","slug":"cinefete-im-cinema-paris-2","status":"publish","type":"post","link":"https:\/\/www.scharmuetzelseegrundschule.de\/?p=9476","title":{"rendered":"Cin\u00e9f\u00eate im Cin\u00e9ma Paris"},"content":{"rendered":"\n<figure class=\"wp-block-image size-large\"><a href=\"https:\/\/www.scharmuetzelseegrundschule.de\/wp-content\/uploads\/2024\/12\/cinefete-scaled.jpg\"><img loading=\"lazy\" width=\"768\" height=\"1024\" src=\"https:\/\/www.scharmuetzelseegrundschule.de\/wp-content\/uploads\/2024\/12\/cinefete-768x1024.jpg\" alt=\"\" class=\"wp-image-9477\" srcset=\"https:\/\/www.scharmuetzelseegrundschule.de\/wp-content\/uploads\/2024\/12\/cinefete-768x1024.jpg 768w, https:\/\/www.scharmuetzelseegrundschule.de\/wp-content\/uploads\/2024\/12\/cinefete-225x300.jpg 225w, https:\/\/www.scharmuetzelseegrundschule.de\/wp-content\/uploads\/2024\/12\/cinefete-1152x1536.jpg 1152w, https:\/\/www.scharmuetzelseegrundschule.de\/wp-content\/uploads\/2024\/12\/cinefete-1536x2048.jpg 1536w, https:\/\/www.scharmuetzelseegrundschule.de\/wp-content\/uploads\/2024\/12\/cinefete-scaled.jpg 1920w\" sizes=\"(max-width: 768px) 100vw, 768px\" \/><\/a><figcaption>Die Franz\u00f6sischsch\u00fcler*innen der 4., 5. und 6. Klassen haben die  Cin\u00e9f\u00eate im Cin\u00e9ma Paris besucht und sahen gemeinsam den Film &#8222;Zodi et T\u00e9hu&#8220; an. Alle Kinder verfolgten gespannt den aufregenden Weg des Nomadenjungen Zodi quer durch die W\u00fcste bis zum Dromedarrennen in Abu Dhabi.<br>Text R. Wank<\/figcaption><\/figure>\n","protected":false},"excerpt":{"rendered":"","protected":false},"author":11,"featured_media":0,"comment_status":"closed","ping_status":"closed","sticky":false,"template":"","format":"standard","meta":{"ngg_post_thumbnail":0},"categories":[1],"tags":[],"_links":{"self":[{"href":"https:\/\/www.scharmuetzelseegrundschule.de\/index.php?rest_route=\/wp\/v2\/posts\/9476"}],"collection":[{"href":"https:\/\/www.scharmuetzelseegrundschule.de\/index.php?rest_route=\/wp\/v2\/posts"}],"about":[{"href":"https:\/\/www.scharmuetzelseegrundschule.de\/index.php?rest_route=\/wp\/v2\/types\/post"}],"author":[{"embeddable":true,"href":"https:\/\/www.scharmuetzelseegrundschule.de\/index.php?rest_route=\/wp\/v2\/users\/11"}],"replies":[{"embeddable":true,"href":"https:\/\/www.scharmuetzelseegrundschule.de\/index.php?rest_route=%2Fwp%2Fv2%2Fcomments&post=9476"}],"version-history":[{"count":1,"href":"https:\/\/www.scharmuetzelseegrundschule.de\/index.php?rest_route=\/wp\/v2\/posts\/9476\/revisions"}],"predecessor-version":[{"id":9478,"href":"https:\/\/www.scharmuetzelseegrundschule.de\/index.php?rest_route=\/wp\/v2\/posts\/9476\/revisions\/9478"}],"wp:attachment":[{"href":"https:\/\/www.scharmuetzelseegrundschule.de\/index.php?rest_route=%2Fwp%2Fv2%2Fmedia&parent=9476"}],"wp:term":[{"taxonomy":"category","embeddable":true,"href":"https:\/\/www.scharmuetzelseegrundschule.de\/index.php?rest_route=%2Fwp%2Fv2%2Fcategories&post=9476"},{"taxonomy":"post_tag","embeddable":true,"href":"https:\/\/www.scharmuetzelseegrundschule.de\/index.php?rest_route=%2Fwp%2Fv2%2Ftags&post=9476"}],"curies":[{"name":"wp","href":"https:\/\/api.w.org\/{rel}","templated":true}]}}