{"id":9443,"date":"2024-11-15T12:03:41","date_gmt":"2024-11-15T10:03:41","guid":{"rendered":"https:\/\/www.scharmuetzelseegrundschule.de\/?p=9443"},"modified":"2024-11-15T12:03:43","modified_gmt":"2024-11-15T10:03:43","slug":"herbstliche-gruesse-aus-dem-franzoesischfachbereich","status":"publish","type":"post","link":"https:\/\/www.scharmuetzelseegrundschule.de\/?p=9443","title":{"rendered":"Herbstliche Gr\u00fc\u00dfe aus dem Franz\u00f6sischfachbereich"},"content":{"rendered":"\n<p>Die Sch\u00fcler und Sch\u00fclerinnen der 4. Jahrgangsstufe haben ein Gedicht \u00fcber eine gl\u00fcckliche Schnecke im Regen auswendig gelernt und dazu kleine \u201eK\u00fchlschrankmagneten\u201c\u00a0 gen\u00e4ht.<\/p>\n\n\n\n<figure class=\"wp-block-image size-large\"><a href=\"https:\/\/www.scharmuetzelseegrundschule.de\/wp-content\/uploads\/2024\/11\/Schnecken-scaled.jpg\"><img loading=\"lazy\" width=\"805\" height=\"1024\" src=\"https:\/\/www.scharmuetzelseegrundschule.de\/wp-content\/uploads\/2024\/11\/Schnecken-805x1024.jpg\" alt=\"\" class=\"wp-image-9444\" srcset=\"https:\/\/www.scharmuetzelseegrundschule.de\/wp-content\/uploads\/2024\/11\/Schnecken-805x1024.jpg 805w, https:\/\/www.scharmuetzelseegrundschule.de\/wp-content\/uploads\/2024\/11\/Schnecken-236x300.jpg 236w, https:\/\/www.scharmuetzelseegrundschule.de\/wp-content\/uploads\/2024\/11\/Schnecken-768x977.jpg 768w, https:\/\/www.scharmuetzelseegrundschule.de\/wp-content\/uploads\/2024\/11\/Schnecken-1208x1536.jpg 1208w, https:\/\/www.scharmuetzelseegrundschule.de\/wp-content\/uploads\/2024\/11\/Schnecken-1611x2048.jpg 1611w, https:\/\/www.scharmuetzelseegrundschule.de\/wp-content\/uploads\/2024\/11\/Schnecken-scaled.jpg 2013w\" sizes=\"(max-width: 805px) 100vw, 805px\" \/><\/a><\/figure>\n\n\n\n<p class=\"has-text-align-center\">Petit escargot,<\/p>\n\n\n\n<p class=\"has-text-align-center\">porte sur son dos<\/p>\n\n\n\n<p class=\"has-text-align-center\">sa maisonette.<\/p>\n\n\n\n<p class=\"has-text-align-center\">Aussit\u00f4t qu\u2019il pleut,<\/p>\n\n\n\n<p class=\"has-text-align-center\">il lest tout heureux,<\/p>\n\n\n\n<p class=\"has-text-align-center\">il sort sa t\u00eate.<\/p>\n","protected":false},"excerpt":{"rendered":"<p>Die Sch\u00fcler und Sch\u00fclerinnen der 4. Jahrgangsstufe haben ein Gedicht \u00fcber eine gl\u00fcckliche Schnecke im Regen auswendig gelernt und dazu kleine \u201eK\u00fchlschrankmagneten\u201c\u00a0 gen\u00e4ht. Petit escargot, porte sur son dos sa maisonette. Aussit\u00f4t qu\u2019il pleut, il lest tout heureux, il sort &hellip; <a href=\"https:\/\/www.scharmuetzelseegrundschule.de\/?p=9443\">Weiterlesen <span class=\"meta-nav\">&rarr;<\/span><\/a><\/p>\n","protected":false},"author":11,"featured_media":0,"comment_status":"closed","ping_status":"closed","sticky":false,"template":"","format":"standard","meta":{"ngg_post_thumbnail":0},"categories":[1],"tags":[],"_links":{"self":[{"href":"https:\/\/www.scharmuetzelseegrundschule.de\/index.php?rest_route=\/wp\/v2\/posts\/9443"}],"collection":[{"href":"https:\/\/www.scharmuetzelseegrundschule.de\/index.php?rest_route=\/wp\/v2\/posts"}],"about":[{"href":"https:\/\/www.scharmuetzelseegrundschule.de\/index.php?rest_route=\/wp\/v2\/types\/post"}],"author":[{"embeddable":true,"href":"https:\/\/www.scharmuetzelseegrundschule.de\/index.php?rest_route=\/wp\/v2\/users\/11"}],"replies":[{"embeddable":true,"href":"https:\/\/www.scharmuetzelseegrundschule.de\/index.php?rest_route=%2Fwp%2Fv2%2Fcomments&post=9443"}],"version-history":[{"count":1,"href":"https:\/\/www.scharmuetzelseegrundschule.de\/index.php?rest_route=\/wp\/v2\/posts\/9443\/revisions"}],"predecessor-version":[{"id":9445,"href":"https:\/\/www.scharmuetzelseegrundschule.de\/index.php?rest_route=\/wp\/v2\/posts\/9443\/revisions\/9445"}],"wp:attachment":[{"href":"https:\/\/www.scharmuetzelseegrundschule.de\/index.php?rest_route=%2Fwp%2Fv2%2Fmedia&parent=9443"}],"wp:term":[{"taxonomy":"category","embeddable":true,"href":"https:\/\/www.scharmuetzelseegrundschule.de\/index.php?rest_route=%2Fwp%2Fv2%2Fcategories&post=9443"},{"taxonomy":"post_tag","embeddable":true,"href":"https:\/\/www.scharmuetzelseegrundschule.de\/index.php?rest_route=%2Fwp%2Fv2%2Ftags&post=9443"}],"curies":[{"name":"wp","href":"https:\/\/api.w.org\/{rel}","templated":true}]}}