{"id":6007,"date":"2019-03-14T01:14:56","date_gmt":"2019-03-13T23:14:56","guid":{"rendered":"http:\/\/www.scharmuetzelseegrundschule.de\/?p=6007"},"modified":"2019-03-14T01:15:48","modified_gmt":"2019-03-13T23:15:48","slug":"soiree-francaise-2019","status":"publish","type":"post","link":"https:\/\/www.scharmuetzelseegrundschule.de\/?p=6007","title":{"rendered":"soir\u00e9e fran\u00e7aise 2019"},"content":{"rendered":"<p>Auch in diesem Schuljahr nahmen Sch\u00fcler und Sch\u00fclerinnen der Scharm\u00fctzelsee-Grundschule an der soir\u00e9e fran\u00e7aise im Rheingau -Gymnasium teil. Diese Veranstaltung findet j\u00e4hrlich statt und bietet den Grund- und Oberschulen des Bezirks Sch\u00f6neberg die M\u00f6glichkeit, Ausschnitte ihres vielf\u00e4ltigen Unterrichtsangebots im Franz\u00f6sischunterricht zu zeigen.<\/p>\n<p>Anl\u00e4sslich des diesj\u00e4hrigen 20. Jubil\u00e4ums der soir\u00e9e fran\u00e7aise am 6.3. sangen und tanzten die Sch\u00fcler und Sch\u00fclerinnen der 3b der Scharm\u00fctzelsee-Grundschule, unter Leitung unserer Musikp\u00e4dagogin Elena Marx, gleich drei franz\u00f6sische Lieder:<\/p>\n<ul>\n<li>&#8222;\u00e0 la Scharm\u00fctzelsee&#8220;<\/li>\n<li>&#8222;la terre tourne&#8220;<\/li>\n<li>&#8222;quel est le rhytme&#8220;<\/li>\n<\/ul>\n<p>Auch die Beitr\u00e4ge der anderen Schulen waren sehr liebevoll gestaltet, sodass man als Zuschauer f\u00fcr beinahe zwei Stunden einen wunderbaren franz\u00f6sischen Abend genie\u00dfen konnte.<\/p>\n<p><a href=\"http:\/\/www.scharmuetzelseegrundschule.de\/wp-content\/uploads\/2019\/03\/Soiree_Francaise_2019_IMG_0120.jpg\"><img loading=\"lazy\" class=\"aligncenter size-medium wp-image-5996\" title=\"\" src=\"http:\/\/www.scharmuetzelseegrundschule.de\/wp-content\/uploads\/2019\/03\/Soiree_Francaise_2019_IMG_0120-300x225.jpg\" alt=\"\" width=\"300\" height=\"225\" srcset=\"https:\/\/www.scharmuetzelseegrundschule.de\/wp-content\/uploads\/2019\/03\/Soiree_Francaise_2019_IMG_0120-300x225.jpg 300w, https:\/\/www.scharmuetzelseegrundschule.de\/wp-content\/uploads\/2019\/03\/Soiree_Francaise_2019_IMG_0120-1024x768.jpg 1024w, https:\/\/www.scharmuetzelseegrundschule.de\/wp-content\/uploads\/2019\/03\/Soiree_Francaise_2019_IMG_0120-400x300.jpg 400w\" sizes=\"(max-width: 300px) 100vw, 300px\" \/><\/a><\/p>\n<p><a href=\"http:\/\/www.scharmuetzelseegrundschule.de\/wp-content\/uploads\/2019\/03\/Soiree_Francaise_2019_IMG_0129.jpg\"><img loading=\"lazy\" class=\"aligncenter size-medium wp-image-5995\" title=\"\" src=\"http:\/\/www.scharmuetzelseegrundschule.de\/wp-content\/uploads\/2019\/03\/Soiree_Francaise_2019_IMG_0129-300x225.jpg\" alt=\"\" width=\"300\" height=\"225\" srcset=\"https:\/\/www.scharmuetzelseegrundschule.de\/wp-content\/uploads\/2019\/03\/Soiree_Francaise_2019_IMG_0129-300x225.jpg 300w, https:\/\/www.scharmuetzelseegrundschule.de\/wp-content\/uploads\/2019\/03\/Soiree_Francaise_2019_IMG_0129-1024x768.jpg 1024w, https:\/\/www.scharmuetzelseegrundschule.de\/wp-content\/uploads\/2019\/03\/Soiree_Francaise_2019_IMG_0129-400x300.jpg 400w\" sizes=\"(max-width: 300px) 100vw, 300px\" \/><\/a><\/p>\n<p><a href=\"http:\/\/www.scharmuetzelseegrundschule.de\/wp-content\/uploads\/2019\/03\/Soiree_Francaise_2019_IMG_01271.jpg\"><img loading=\"lazy\" class=\"aligncenter size-medium wp-image-5994\" title=\"\" src=\"http:\/\/www.scharmuetzelseegrundschule.de\/wp-content\/uploads\/2019\/03\/Soiree_Francaise_2019_IMG_01271-225x300.jpg\" alt=\"\" width=\"225\" height=\"300\" srcset=\"https:\/\/www.scharmuetzelseegrundschule.de\/wp-content\/uploads\/2019\/03\/Soiree_Francaise_2019_IMG_01271-225x300.jpg 225w, https:\/\/www.scharmuetzelseegrundschule.de\/wp-content\/uploads\/2019\/03\/Soiree_Francaise_2019_IMG_01271-768x1024.jpg 768w\" sizes=\"(max-width: 225px) 100vw, 225px\" \/><\/a><\/p>\n<p><a href=\"http:\/\/www.scharmuetzelseegrundschule.de\/wp-content\/uploads\/2019\/03\/Soiree_Francaise_2019_IMG_0122.jpg\"><img loading=\"lazy\" class=\"aligncenter size-medium wp-image-5993\" title=\"\" src=\"http:\/\/www.scharmuetzelseegrundschule.de\/wp-content\/uploads\/2019\/03\/Soiree_Francaise_2019_IMG_0122-300x225.jpg\" alt=\"\" width=\"300\" height=\"225\" srcset=\"https:\/\/www.scharmuetzelseegrundschule.de\/wp-content\/uploads\/2019\/03\/Soiree_Francaise_2019_IMG_0122-300x225.jpg 300w, https:\/\/www.scharmuetzelseegrundschule.de\/wp-content\/uploads\/2019\/03\/Soiree_Francaise_2019_IMG_0122-1024x768.jpg 1024w, https:\/\/www.scharmuetzelseegrundschule.de\/wp-content\/uploads\/2019\/03\/Soiree_Francaise_2019_IMG_0122-400x300.jpg 400w\" sizes=\"(max-width: 300px) 100vw, 300px\" \/><\/a><\/p>\n","protected":false},"excerpt":{"rendered":"<p>Auch in diesem Schuljahr nahmen Sch\u00fcler und Sch\u00fclerinnen der Scharm\u00fctzelsee-Grundschule an der soir\u00e9e fran\u00e7aise im Rheingau -Gymnasium teil. Diese Veranstaltung findet j\u00e4hrlich statt und bietet den Grund- und Oberschulen des Bezirks Sch\u00f6neberg die M\u00f6glichkeit, Ausschnitte ihres vielf\u00e4ltigen Unterrichtsangebots im Franz\u00f6sischunterricht &hellip; <a href=\"https:\/\/www.scharmuetzelseegrundschule.de\/?p=6007\">Weiterlesen <span class=\"meta-nav\">&rarr;<\/span><\/a><\/p>\n","protected":false},"author":11,"featured_media":0,"comment_status":"closed","ping_status":"closed","sticky":false,"template":"","format":"standard","meta":{"ngg_post_thumbnail":0},"categories":[1],"tags":[],"_links":{"self":[{"href":"https:\/\/www.scharmuetzelseegrundschule.de\/index.php?rest_route=\/wp\/v2\/posts\/6007"}],"collection":[{"href":"https:\/\/www.scharmuetzelseegrundschule.de\/index.php?rest_route=\/wp\/v2\/posts"}],"about":[{"href":"https:\/\/www.scharmuetzelseegrundschule.de\/index.php?rest_route=\/wp\/v2\/types\/post"}],"author":[{"embeddable":true,"href":"https:\/\/www.scharmuetzelseegrundschule.de\/index.php?rest_route=\/wp\/v2\/users\/11"}],"replies":[{"embeddable":true,"href":"https:\/\/www.scharmuetzelseegrundschule.de\/index.php?rest_route=%2Fwp%2Fv2%2Fcomments&post=6007"}],"version-history":[{"count":3,"href":"https:\/\/www.scharmuetzelseegrundschule.de\/index.php?rest_route=\/wp\/v2\/posts\/6007\/revisions"}],"predecessor-version":[{"id":6010,"href":"https:\/\/www.scharmuetzelseegrundschule.de\/index.php?rest_route=\/wp\/v2\/posts\/6007\/revisions\/6010"}],"wp:attachment":[{"href":"https:\/\/www.scharmuetzelseegrundschule.de\/index.php?rest_route=%2Fwp%2Fv2%2Fmedia&parent=6007"}],"wp:term":[{"taxonomy":"category","embeddable":true,"href":"https:\/\/www.scharmuetzelseegrundschule.de\/index.php?rest_route=%2Fwp%2Fv2%2Fcategories&post=6007"},{"taxonomy":"post_tag","embeddable":true,"href":"https:\/\/www.scharmuetzelseegrundschule.de\/index.php?rest_route=%2Fwp%2Fv2%2Ftags&post=6007"}],"curies":[{"name":"wp","href":"https:\/\/api.w.org\/{rel}","templated":true}]}}