{"id":5959,"date":"2019-03-10T20:10:00","date_gmt":"2019-03-10T18:10:00","guid":{"rendered":"http:\/\/www.scharmuetzelseegrundschule.de\/?p=5959"},"modified":"2019-03-10T20:10:00","modified_gmt":"2019-03-10T18:10:00","slug":"vorlesewettbewerb-der-6-klassen","status":"publish","type":"post","link":"https:\/\/www.scharmuetzelseegrundschule.de\/?p=5959","title":{"rendered":"Vorlesewettbewerb der 6. Klassen"},"content":{"rendered":"<p>Schuljahr 2018\/2019<\/p>\n<p>Am 07. Dezember 2018 fand unser Schulwettbewerb in der Aula statt. In der ersten Runde stellten die 6 Teilnehmerinnen und Teilnehmer ein Buch ihrer Wahl vor.<\/p>\n<p>F\u00fcr die Klasse 6a: Hannah und Pola<br \/>\nF\u00fcr die Klasse 6b: Luise und Sophie<br \/>\nF\u00fcr die Klasse 6c: Mert und Ferenc<\/p>\n<p>Im Publikum h\u00f6rten alle Kinder der 5. und 6. Klassen zu. Die Jury bestand aus F\u00fcnftkl\u00e4sslern, unserer Lehrerin Frau Albrecht und dem ehemaligen Lehrer Herrn K\u00e4stner.<\/p>\n<p>In der zweiten Runde mussten dann alle 6 Teilnehmer\/innen aus einem unbekannten Buch vorlesen.<\/p>\n<p><a href=\"http:\/\/www.scharmuetzelseegrundschule.de\/wp-content\/uploads\/2019\/03\/Vorlesewettbewerb_2019_IMG_5287.jpg\"><img loading=\"lazy\" class=\"alignnone size-medium wp-image-6000\" title=\"Vorlesewettbewerb_2019_IMG_5287\" src=\"http:\/\/www.scharmuetzelseegrundschule.de\/wp-content\/uploads\/2019\/03\/Vorlesewettbewerb_2019_IMG_5287-e1552241356859-225x300.jpg\" alt=\"\" width=\"225\" height=\"300\" srcset=\"https:\/\/www.scharmuetzelseegrundschule.de\/wp-content\/uploads\/2019\/03\/Vorlesewettbewerb_2019_IMG_5287-e1552241356859-225x300.jpg 225w, https:\/\/www.scharmuetzelseegrundschule.de\/wp-content\/uploads\/2019\/03\/Vorlesewettbewerb_2019_IMG_5287-e1552241356859.jpg 480w\" sizes=\"(max-width: 225px) 100vw, 225px\" \/><\/a><\/p>\n<p>Schulsiegerin in unserem Wettbewerb wurde<\/p>\n<p><strong>Pola June Grabert\u00a0<\/strong>(6a).<\/p>\n<p>Den 2. Platz belegte Sophie aus der Klasse 6b.<\/p>\n<p>Inzwischen hat Pola am\u00a0<span style=\"text-decoration: underline;\">Sch\u00f6neberger Wettbewerb\u00a0<\/span>teilgenommen, der im Februar 2019 in der L\u00f6cknitz-Grundschule durchgef\u00fchrt wurde.<\/p>\n<p>Dort hat sie zusammen mit einer anderen Sch\u00fclerin den 1. Platz belegt.<\/p>\n<p><strong>Herzlichen Gl\u00fcckwunsch!!!<\/strong><\/p>\n<p>Nun wird sie am 12. April im Rathaus Sch\u00f6neberg beim Endausscheid des Bezirks Tempelhof\/Sch\u00f6neberg antreten.<\/p>\n<p>&nbsp;<\/p>\n","protected":false},"excerpt":{"rendered":"<p>Schuljahr 2018\/2019 Am 07. Dezember 2018 fand unser Schulwettbewerb in der Aula statt. In der ersten Runde stellten die 6 Teilnehmerinnen und Teilnehmer ein Buch ihrer Wahl vor. F\u00fcr die Klasse 6a: Hannah und Pola F\u00fcr die Klasse 6b: Luise &hellip; <a href=\"https:\/\/www.scharmuetzelseegrundschule.de\/?p=5959\">Weiterlesen <span class=\"meta-nav\">&rarr;<\/span><\/a><\/p>\n","protected":false},"author":11,"featured_media":0,"comment_status":"closed","ping_status":"closed","sticky":false,"template":"","format":"standard","meta":{"ngg_post_thumbnail":0},"categories":[19,13],"tags":[],"_links":{"self":[{"href":"https:\/\/www.scharmuetzelseegrundschule.de\/index.php?rest_route=\/wp\/v2\/posts\/5959"}],"collection":[{"href":"https:\/\/www.scharmuetzelseegrundschule.de\/index.php?rest_route=\/wp\/v2\/posts"}],"about":[{"href":"https:\/\/www.scharmuetzelseegrundschule.de\/index.php?rest_route=\/wp\/v2\/types\/post"}],"author":[{"embeddable":true,"href":"https:\/\/www.scharmuetzelseegrundschule.de\/index.php?rest_route=\/wp\/v2\/users\/11"}],"replies":[{"embeddable":true,"href":"https:\/\/www.scharmuetzelseegrundschule.de\/index.php?rest_route=%2Fwp%2Fv2%2Fcomments&post=5959"}],"version-history":[{"count":8,"href":"https:\/\/www.scharmuetzelseegrundschule.de\/index.php?rest_route=\/wp\/v2\/posts\/5959\/revisions"}],"predecessor-version":[{"id":6003,"href":"https:\/\/www.scharmuetzelseegrundschule.de\/index.php?rest_route=\/wp\/v2\/posts\/5959\/revisions\/6003"}],"wp:attachment":[{"href":"https:\/\/www.scharmuetzelseegrundschule.de\/index.php?rest_route=%2Fwp%2Fv2%2Fmedia&parent=5959"}],"wp:term":[{"taxonomy":"category","embeddable":true,"href":"https:\/\/www.scharmuetzelseegrundschule.de\/index.php?rest_route=%2Fwp%2Fv2%2Fcategories&post=5959"},{"taxonomy":"post_tag","embeddable":true,"href":"https:\/\/www.scharmuetzelseegrundschule.de\/index.php?rest_route=%2Fwp%2Fv2%2Ftags&post=5959"}],"curies":[{"name":"wp","href":"https:\/\/api.w.org\/{rel}","templated":true}]}}