{"id":5689,"date":"2018-04-17T18:20:36","date_gmt":"2018-04-17T18:20:36","guid":{"rendered":"http:\/\/www.scharmuetzelseegrundschule.de\/?p=5689"},"modified":"2018-04-17T18:20:36","modified_gmt":"2018-04-17T18:20:36","slug":"einladung-zum-tag-der-offenen-tur-28-september-2018","status":"publish","type":"post","link":"https:\/\/www.scharmuetzelseegrundschule.de\/?p=5689","title":{"rendered":"<b> Einladung zum Tag der offenen T\u00fcr 28. September 2018 <b\/>"},"content":{"rendered":"<p>Ganz herzlich l\u00e4dt die Scharm\u00fctzelsee-Grundschule zum Tag der offenen T\u00fcr ein:<\/p>\n<p>28. September 2018<br \/>\n16.00 Uhr bis 18.30 Uhr<\/p>\n<p>Das Thema lautet &#8222;Kunst\/ Kaffee\/ Kuchen&#8220;.<\/p>\n","protected":false},"excerpt":{"rendered":"<p>Ganz herzlich l\u00e4dt die Scharm\u00fctzelsee-Grundschule zum Tag der offenen T\u00fcr ein: 28. September 2018 16.00 Uhr bis 18.30 Uhr Das Thema lautet &#8222;Kunst\/ Kaffee\/ Kuchen&#8220;.<\/p>\n","protected":false},"author":11,"featured_media":0,"comment_status":"closed","ping_status":"closed","sticky":false,"template":"","format":"standard","meta":{"ngg_post_thumbnail":0},"categories":[18],"tags":[],"_links":{"self":[{"href":"https:\/\/www.scharmuetzelseegrundschule.de\/index.php?rest_route=\/wp\/v2\/posts\/5689"}],"collection":[{"href":"https:\/\/www.scharmuetzelseegrundschule.de\/index.php?rest_route=\/wp\/v2\/posts"}],"about":[{"href":"https:\/\/www.scharmuetzelseegrundschule.de\/index.php?rest_route=\/wp\/v2\/types\/post"}],"author":[{"embeddable":true,"href":"https:\/\/www.scharmuetzelseegrundschule.de\/index.php?rest_route=\/wp\/v2\/users\/11"}],"replies":[{"embeddable":true,"href":"https:\/\/www.scharmuetzelseegrundschule.de\/index.php?rest_route=%2Fwp%2Fv2%2Fcomments&post=5689"}],"version-history":[{"count":3,"href":"https:\/\/www.scharmuetzelseegrundschule.de\/index.php?rest_route=\/wp\/v2\/posts\/5689\/revisions"}],"predecessor-version":[{"id":5692,"href":"https:\/\/www.scharmuetzelseegrundschule.de\/index.php?rest_route=\/wp\/v2\/posts\/5689\/revisions\/5692"}],"wp:attachment":[{"href":"https:\/\/www.scharmuetzelseegrundschule.de\/index.php?rest_route=%2Fwp%2Fv2%2Fmedia&parent=5689"}],"wp:term":[{"taxonomy":"category","embeddable":true,"href":"https:\/\/www.scharmuetzelseegrundschule.de\/index.php?rest_route=%2Fwp%2Fv2%2Fcategories&post=5689"},{"taxonomy":"post_tag","embeddable":true,"href":"https:\/\/www.scharmuetzelseegrundschule.de\/index.php?rest_route=%2Fwp%2Fv2%2Ftags&post=5689"}],"curies":[{"name":"wp","href":"https:\/\/api.w.org\/{rel}","templated":true}]}}