{"id":5088,"date":"2016-06-22T04:23:45","date_gmt":"2016-06-22T04:23:45","guid":{"rendered":"http:\/\/www.scharmuetzelseegrundschule.de\/?p=5088"},"modified":"2016-06-22T04:30:43","modified_gmt":"2016-06-22T04:30:43","slug":"unser-jahrlicher-schulschwoof-steigt-am-8-juli-2016","status":"publish","type":"post","link":"https:\/\/www.scharmuetzelseegrundschule.de\/?p=5088","title":{"rendered":"<b> &#8222;Scharm\u00fctzelsee-Sommerschwoof&#8220; steigt am 8. Juli 2016 <\/b>"},"content":{"rendered":"<p style=\"text-align: center;\"><em>Nur f\u00fcr Erwachsene:<\/em><\/p>\n<p style=\"text-align: center;\"><strong>Der Scharm\u00fctzelsee-Sommerschwoof<\/strong><\/p>\n<p style=\"text-align: center;\">Der <strong>F\u00f6rderverein<\/strong> und die <strong>GEV<\/strong> der Scharm\u00fctzelsee-Grundschule<br \/>\nladen herzlich alle Eltern, LehrerInnen, ErzieherInnen,<br \/>\nEhemalige, Freunde und Interessierte ein,<br \/>\ngemeinsam zu feiern<br \/>\n<strong><\/strong><\/p>\n<p style=\"text-align: center;\"><strong>am Freitag, den 8. Juli 2016<\/strong><br \/>\n<strong>um 19.30 Uhr<\/strong><\/p>\n<p style=\"text-align: center;\">in der <strong>Mensa<\/strong> der Scharm\u00fctzelsee-Grundschule.<\/p>\n<p style=\"text-align: center;\">Freut euch auf k\u00fchle Getr\u00e4nke, ein leckeres B\u00fcffet,<br \/>\nfetzige Musik vom DJ und Karaoke f\u00fcr alle.<\/p>\n<p style=\"text-align: center;\"><strong>Eintritt frei &#8211; Spenden willkommen<\/strong><\/p>\n<p style=\"text-align: center;\">\n","protected":false},"excerpt":{"rendered":"<p>Nur f\u00fcr Erwachsene: Der Scharm\u00fctzelsee-Sommerschwoof Der F\u00f6rderverein und die GEV der Scharm\u00fctzelsee-Grundschule laden herzlich alle Eltern, LehrerInnen, ErzieherInnen, Ehemalige, Freunde und Interessierte ein, gemeinsam zu feiern am Freitag, den 8. Juli 2016 um 19.30 Uhr in der Mensa der Scharm\u00fctzelsee-Grundschule. &hellip; <a href=\"https:\/\/www.scharmuetzelseegrundschule.de\/?p=5088\">Weiterlesen <span class=\"meta-nav\">&rarr;<\/span><\/a><\/p>\n","protected":false},"author":11,"featured_media":0,"comment_status":"closed","ping_status":"closed","sticky":false,"template":"","format":"standard","meta":{"ngg_post_thumbnail":0},"categories":[18,10],"tags":[],"_links":{"self":[{"href":"https:\/\/www.scharmuetzelseegrundschule.de\/index.php?rest_route=\/wp\/v2\/posts\/5088"}],"collection":[{"href":"https:\/\/www.scharmuetzelseegrundschule.de\/index.php?rest_route=\/wp\/v2\/posts"}],"about":[{"href":"https:\/\/www.scharmuetzelseegrundschule.de\/index.php?rest_route=\/wp\/v2\/types\/post"}],"author":[{"embeddable":true,"href":"https:\/\/www.scharmuetzelseegrundschule.de\/index.php?rest_route=\/wp\/v2\/users\/11"}],"replies":[{"embeddable":true,"href":"https:\/\/www.scharmuetzelseegrundschule.de\/index.php?rest_route=%2Fwp%2Fv2%2Fcomments&post=5088"}],"version-history":[{"count":8,"href":"https:\/\/www.scharmuetzelseegrundschule.de\/index.php?rest_route=\/wp\/v2\/posts\/5088\/revisions"}],"predecessor-version":[{"id":5097,"href":"https:\/\/www.scharmuetzelseegrundschule.de\/index.php?rest_route=\/wp\/v2\/posts\/5088\/revisions\/5097"}],"wp:attachment":[{"href":"https:\/\/www.scharmuetzelseegrundschule.de\/index.php?rest_route=%2Fwp%2Fv2%2Fmedia&parent=5088"}],"wp:term":[{"taxonomy":"category","embeddable":true,"href":"https:\/\/www.scharmuetzelseegrundschule.de\/index.php?rest_route=%2Fwp%2Fv2%2Fcategories&post=5088"},{"taxonomy":"post_tag","embeddable":true,"href":"https:\/\/www.scharmuetzelseegrundschule.de\/index.php?rest_route=%2Fwp%2Fv2%2Ftags&post=5088"}],"curies":[{"name":"wp","href":"https:\/\/api.w.org\/{rel}","templated":true}]}}